{"id":2680,"date":"2020-09-10T03:11:29","date_gmt":"2020-09-10T03:11:29","guid":{"rendered":"https:\/\/blogs.iwu.edu\/hispanic-studies\/?p=2680"},"modified":"2020-09-10T03:11:29","modified_gmt":"2020-09-10T03:11:29","slug":"scholarstrike-en-iwu","status":"publish","type":"post","link":"https:\/\/blogs.iwu.edu\/hispanic-studies\/2020\/09\/10\/scholarstrike-en-iwu\/","title":{"rendered":"#ScholarStrike en IWU"},"content":{"rendered":"<p>Estos dos d\u00edas, se organiz\u00f3 un evento en campus como parte de la acci\u00f3n nacional, bueno internacional (tambi\u00e9n Canad\u00e1), #SchoalarStrike, para hacer hincapi\u00e9 en el racismo y las injusticias presentes en nuestro pa\u00eds. El 8 y 9 de sept. la archivista, Meg Miner, invit\u00f3 a todos de campus a participar leyendo textos, recitando obras y charlando juntos.<\/p>\n<p>Para m\u00e1s informaci\u00f3n del evento en campus y noticias relacionadas en IWU, ve este <a href=\"https:\/\/blogs.iwu.edu\/asc\/2020\/09\/07\/scholarstrike-iwu\/\">enlace<\/a>.<\/p>\n<p>Y para m\u00e1s informaci\u00f3n sobre el evento a nivel nacional, visita <a href=\"https:\/\/www.scholarstrike.com\/\">esta p\u00e1gina web<\/a>.<\/p>\n<p>El primer d\u00eda estuvieron presentes las profesoras Dixon-Montgomery, Ferrad\u00e1ns y Nadeau con la archivista Meg Miner.<\/p>\n<p><a href=\"https:\/\/blogs.iwu.edu\/hispanic-studies\/2020\/09\/10\/scholarstrike-en-iwu\/img_8081\/\" rel=\"attachment wp-att-2681\"><img loading=\"lazy\" decoding=\"async\" class=\"aligncenter size-large wp-image-2681\" src=\"https:\/\/blogs.iwu.edu\/hispanic-studies\/files\/2020\/09\/IMG_8081-980x465.jpg\" alt=\"\" width=\"500\" height=\"237\" srcset=\"https:\/\/blogs.iwu.edu\/hispanic-studies\/files\/2020\/09\/IMG_8081-980x465.jpg 980w, https:\/\/blogs.iwu.edu\/hispanic-studies\/files\/2020\/09\/IMG_8081-300x142.jpg 300w, https:\/\/blogs.iwu.edu\/hispanic-studies\/files\/2020\/09\/IMG_8081-768x364.jpg 768w, https:\/\/blogs.iwu.edu\/hispanic-studies\/files\/2020\/09\/IMG_8081-500x237.jpg 500w, https:\/\/blogs.iwu.edu\/hispanic-studies\/files\/2020\/09\/IMG_8081.jpg 1000w\" sizes=\"auto, (max-width: 500px) 100vw, 500px\" \/><\/a><\/p>\n<p>&nbsp;<\/p>\n","protected":false},"excerpt":{"rendered":"<p>Estos dos d\u00edas, se organiz\u00f3 un evento en campus como parte de la acci\u00f3n nacional, bueno internacional (tambi\u00e9n Canad\u00e1), #SchoalarStrike, para hacer hincapi\u00e9 en el racismo y las injusticias presentes en nuestro pa\u00eds. El 8 y 9 de sept. la archivista, Meg Miner, invit\u00f3 a todos de campus a participar leyendo textos, recitando obras y &hellip; <a href=\"https:\/\/blogs.iwu.edu\/hispanic-studies\/2020\/09\/10\/scholarstrike-en-iwu\/\" class=\"more-link\">Continue reading <span class=\"screen-reader-text\">#ScholarStrike en IWU<\/span> <span class=\"meta-nav\">&rarr;<\/span><\/a><\/p>\n","protected":false},"author":262,"featured_media":0,"comment_status":"open","ping_status":"open","sticky":false,"template":"","format":"standard","meta":{"footnotes":""},"categories":[7,8],"tags":[],"class_list":["post-2680","post","type-post","status-publish","format-standard","hentry","category-eventos","category-fuera-de-clase"],"jetpack_featured_media_url":"","_links":{"self":[{"href":"https:\/\/blogs.iwu.edu\/hispanic-studies\/wp-json\/wp\/v2\/posts\/2680","targetHints":{"allow":["GET"]}}],"collection":[{"href":"https:\/\/blogs.iwu.edu\/hispanic-studies\/wp-json\/wp\/v2\/posts"}],"about":[{"href":"https:\/\/blogs.iwu.edu\/hispanic-studies\/wp-json\/wp\/v2\/types\/post"}],"author":[{"embeddable":true,"href":"https:\/\/blogs.iwu.edu\/hispanic-studies\/wp-json\/wp\/v2\/users\/262"}],"replies":[{"embeddable":true,"href":"https:\/\/blogs.iwu.edu\/hispanic-studies\/wp-json\/wp\/v2\/comments?post=2680"}],"version-history":[{"count":3,"href":"https:\/\/blogs.iwu.edu\/hispanic-studies\/wp-json\/wp\/v2\/posts\/2680\/revisions"}],"predecessor-version":[{"id":2684,"href":"https:\/\/blogs.iwu.edu\/hispanic-studies\/wp-json\/wp\/v2\/posts\/2680\/revisions\/2684"}],"wp:attachment":[{"href":"https:\/\/blogs.iwu.edu\/hispanic-studies\/wp-json\/wp\/v2\/media?parent=2680"}],"wp:term":[{"taxonomy":"category","embeddable":true,"href":"https:\/\/blogs.iwu.edu\/hispanic-studies\/wp-json\/wp\/v2\/categories?post=2680"},{"taxonomy":"post_tag","embeddable":true,"href":"https:\/\/blogs.iwu.edu\/hispanic-studies\/wp-json\/wp\/v2\/tags?post=2680"}],"curies":[{"name":"wp","href":"https:\/\/api.w.org\/{rel}","templated":true}]}}