{"id":2649,"date":"2020-05-03T19:34:04","date_gmt":"2020-05-03T19:34:04","guid":{"rendered":"https:\/\/blogs.iwu.edu\/hispanic-studies\/?p=2649"},"modified":"2020-05-04T00:54:33","modified_gmt":"2020-05-04T00:54:33","slug":"clase-de-2020-os-felicitamos","status":"publish","type":"post","link":"https:\/\/blogs.iwu.edu\/hispanic-studies\/2020\/05\/03\/clase-de-2020-os-felicitamos\/","title":{"rendered":"\u00a1Clase de 2020, os felicitamos!"},"content":{"rendered":"<p>Si no fuera por el Covid19, estar\u00edamos todos en campus hoy celebrando juntos este hito importante. Pero, como no puede ser, os celebramos en nuestras casas y esperamos volver a veros pronto para celebrar esta maravillosa ocasi\u00f3n. <\/p>\n<p>Aqu\u00ed os grabamos un mensaje de felicitaciones. <\/p>\n<p><iframe loading=\"lazy\" width=\"560\" height=\"315\" src=\"https:\/\/www.youtube.com\/embed\/61TYiEYw6Rw\" frameborder=\"0\"><\/iframe><\/p>\n<p>Y aqu\u00ed otro mensaje para los majors y minors de todos los idiomas:<\/p>\n<p><iframe loading=\"lazy\" width=\"560\" height=\"315\" src=\"https:\/\/www.youtube.com\/embed\/KNKVo6fW1u8\" frameborder=\"0\"><\/iframe><\/p>\n","protected":false},"excerpt":{"rendered":"<p>Si no fuera por el Covid19, estar\u00edamos todos en campus hoy celebrando juntos este hito importante. Pero, como no puede ser, os celebramos en nuestras casas y esperamos volver a veros pronto para celebrar esta maravillosa ocasi\u00f3n. Aqu\u00ed os grabamos un mensaje de felicitaciones. Y aqu\u00ed otro mensaje para los majors y minors de todos &hellip; <a href=\"https:\/\/blogs.iwu.edu\/hispanic-studies\/2020\/05\/03\/clase-de-2020-os-felicitamos\/\" class=\"more-link\">Continue reading <span class=\"screen-reader-text\">\u00a1Clase de 2020, os felicitamos!<\/span> <span class=\"meta-nav\">&rarr;<\/span><\/a><\/p>\n","protected":false},"author":262,"featured_media":0,"comment_status":"open","ping_status":"open","sticky":false,"template":"","format":"standard","meta":{"footnotes":""},"categories":[50,7,8],"tags":[],"class_list":["post-2649","post","type-post","status-publish","format-standard","hentry","category-estudiantes-graduados","category-eventos","category-fuera-de-clase"],"jetpack_featured_media_url":"","_links":{"self":[{"href":"https:\/\/blogs.iwu.edu\/hispanic-studies\/wp-json\/wp\/v2\/posts\/2649","targetHints":{"allow":["GET"]}}],"collection":[{"href":"https:\/\/blogs.iwu.edu\/hispanic-studies\/wp-json\/wp\/v2\/posts"}],"about":[{"href":"https:\/\/blogs.iwu.edu\/hispanic-studies\/wp-json\/wp\/v2\/types\/post"}],"author":[{"embeddable":true,"href":"https:\/\/blogs.iwu.edu\/hispanic-studies\/wp-json\/wp\/v2\/users\/262"}],"replies":[{"embeddable":true,"href":"https:\/\/blogs.iwu.edu\/hispanic-studies\/wp-json\/wp\/v2\/comments?post=2649"}],"version-history":[{"count":6,"href":"https:\/\/blogs.iwu.edu\/hispanic-studies\/wp-json\/wp\/v2\/posts\/2649\/revisions"}],"predecessor-version":[{"id":2655,"href":"https:\/\/blogs.iwu.edu\/hispanic-studies\/wp-json\/wp\/v2\/posts\/2649\/revisions\/2655"}],"wp:attachment":[{"href":"https:\/\/blogs.iwu.edu\/hispanic-studies\/wp-json\/wp\/v2\/media?parent=2649"}],"wp:term":[{"taxonomy":"category","embeddable":true,"href":"https:\/\/blogs.iwu.edu\/hispanic-studies\/wp-json\/wp\/v2\/categories?post=2649"},{"taxonomy":"post_tag","embeddable":true,"href":"https:\/\/blogs.iwu.edu\/hispanic-studies\/wp-json\/wp\/v2\/tags?post=2649"}],"curies":[{"name":"wp","href":"https:\/\/api.w.org\/{rel}","templated":true}]}}