{"id":1849,"date":"2017-04-25T01:11:44","date_gmt":"2017-04-25T01:11:44","guid":{"rendered":"https:\/\/blogs.iwu.edu\/hispanic-studies\/?p=1849"},"modified":"2017-04-25T01:11:45","modified_gmt":"2017-04-25T01:11:45","slug":"charla-sobre-la-artista-chilena-cecilia-vicuna","status":"publish","type":"post","link":"https:\/\/blogs.iwu.edu\/hispanic-studies\/2017\/04\/25\/charla-sobre-la-artista-chilena-cecilia-vicuna\/","title":{"rendered":"Charla sobre la artista chilena Cecilia Vicu\u00f1a"},"content":{"rendered":"<p>La profa. Juliet Lynd (a la derecha) y la candidata doctoral Ana Roncero Bellido (centro), las dos de Illinois State University, llegaron a campus la semana pasada para dar una charla sobre la artista chilena Cecilia Vicu\u00f1a. Hablaron de la fuerte conexi\u00f3n entre la vida y el arte y c\u00f3mo los objetos y espect\u00e1culos de Vicu\u00f1a aumentan la conciencia pol\u00edtica y social de los espectadores. La profa. Flores-Rodr\u00edguez (izqda.) les hab\u00eda invitado por parte del equipo de estudios latinoamericanos para la \u00faltima charla del a\u00f1o acad\u00e9mico de la serie &#8220;International Studies Colloquium.&#8221; Aqu\u00ed est\u00e1n las tres despu\u00e9s de la ponencia.<br \/>\n<a href=\"https:\/\/blogs.iwu.edu\/hispanic-studies\/2017\/04\/25\/charla-sobre-la-artista-chilena-cecilia-vicuna\/img_2679\/\" rel=\"attachment wp-att-1850\"><img loading=\"lazy\" decoding=\"async\" src=\"https:\/\/blogs.iwu.edu\/hispanic-studies\/files\/2017\/04\/IMG_2679-980x735.jpg\" alt=\"\" width=\"500\" height=\"375\" class=\"aligncenter size-large wp-image-1850\" srcset=\"https:\/\/blogs.iwu.edu\/hispanic-studies\/files\/2017\/04\/IMG_2679-980x735.jpg 980w, https:\/\/blogs.iwu.edu\/hispanic-studies\/files\/2017\/04\/IMG_2679-300x225.jpg 300w, https:\/\/blogs.iwu.edu\/hispanic-studies\/files\/2017\/04\/IMG_2679-768x576.jpg 768w, https:\/\/blogs.iwu.edu\/hispanic-studies\/files\/2017\/04\/IMG_2679-400x300.jpg 400w\" sizes=\"auto, (max-width: 500px) 100vw, 500px\" \/><\/a><\/p>\n","protected":false},"excerpt":{"rendered":"<p>La profa. Juliet Lynd (a la derecha) y la candidata doctoral Ana Roncero Bellido (centro), las dos de Illinois State University, llegaron a campus la semana pasada para dar una charla sobre la artista chilena Cecilia Vicu\u00f1a. Hablaron de la fuerte conexi\u00f3n entre la vida y el arte y c\u00f3mo los objetos y espect\u00e1culos de &hellip; <a href=\"https:\/\/blogs.iwu.edu\/hispanic-studies\/2017\/04\/25\/charla-sobre-la-artista-chilena-cecilia-vicuna\/\" class=\"more-link\">Continue reading <span class=\"screen-reader-text\">Charla sobre la artista chilena Cecilia Vicu\u00f1a<\/span> <span class=\"meta-nav\">&rarr;<\/span><\/a><\/p>\n","protected":false},"author":262,"featured_media":0,"comment_status":"open","ping_status":"open","sticky":false,"template":"","format":"standard","meta":{"footnotes":""},"categories":[7,8],"tags":[],"class_list":["post-1849","post","type-post","status-publish","format-standard","hentry","category-eventos","category-fuera-de-clase"],"jetpack_featured_media_url":"","_links":{"self":[{"href":"https:\/\/blogs.iwu.edu\/hispanic-studies\/wp-json\/wp\/v2\/posts\/1849","targetHints":{"allow":["GET"]}}],"collection":[{"href":"https:\/\/blogs.iwu.edu\/hispanic-studies\/wp-json\/wp\/v2\/posts"}],"about":[{"href":"https:\/\/blogs.iwu.edu\/hispanic-studies\/wp-json\/wp\/v2\/types\/post"}],"author":[{"embeddable":true,"href":"https:\/\/blogs.iwu.edu\/hispanic-studies\/wp-json\/wp\/v2\/users\/262"}],"replies":[{"embeddable":true,"href":"https:\/\/blogs.iwu.edu\/hispanic-studies\/wp-json\/wp\/v2\/comments?post=1849"}],"version-history":[{"count":4,"href":"https:\/\/blogs.iwu.edu\/hispanic-studies\/wp-json\/wp\/v2\/posts\/1849\/revisions"}],"predecessor-version":[{"id":1854,"href":"https:\/\/blogs.iwu.edu\/hispanic-studies\/wp-json\/wp\/v2\/posts\/1849\/revisions\/1854"}],"wp:attachment":[{"href":"https:\/\/blogs.iwu.edu\/hispanic-studies\/wp-json\/wp\/v2\/media?parent=1849"}],"wp:term":[{"taxonomy":"category","embeddable":true,"href":"https:\/\/blogs.iwu.edu\/hispanic-studies\/wp-json\/wp\/v2\/categories?post=1849"},{"taxonomy":"post_tag","embeddable":true,"href":"https:\/\/blogs.iwu.edu\/hispanic-studies\/wp-json\/wp\/v2\/tags?post=1849"}],"curies":[{"name":"wp","href":"https:\/\/api.w.org\/{rel}","templated":true}]}}